{"id":6085,"date":"2013-02-14T06:45:58","date_gmt":"2013-02-14T04:45:58","guid":{"rendered":"http:\/\/wollblog.das-wollmobil.ch\/?p=6085"},"modified":"2013-03-03T10:37:55","modified_gmt":"2013-03-03T08:37:55","slug":"dekorierter-kranz-blues","status":"publish","type":"post","link":"https:\/\/wollblog.das-wollmobil.ch\/?p=6085","title":{"rendered":"Dekorierter Kranz Blues"},"content":{"rendered":"<p style=\"text-align: center;\">jetzt musste ich doch wissen wie es mit den Strohstiften so aussieht \ud83d\ude09<\/p>\n<p style=\"text-align: center;\"><a href=\"https:\/\/i0.wp.com\/wollblog.das-wollmobil.ch\/wp-content\/uploads\/2013\/02\/20130211_174752.jpg?ssl=1\"><img data-recalc-dims=\"1\" loading=\"lazy\" decoding=\"async\" class=\"aligncenter size-medium wp-image-6086\" alt=\"20130211_174752\" src=\"https:\/\/i0.wp.com\/wollblog.das-wollmobil.ch\/wp-content\/uploads\/2013\/02\/20130211_174752.jpg?resize=474%2C356&#038;ssl=1\" width=\"474\" height=\"356\" srcset=\"https:\/\/i0.wp.com\/wollblog.das-wollmobil.ch\/wp-content\/uploads\/2013\/02\/20130211_174752.jpg?resize=500%2C375&amp;ssl=1 500w, https:\/\/i0.wp.com\/wollblog.das-wollmobil.ch\/wp-content\/uploads\/2013\/02\/20130211_174752.jpg?w=640&amp;ssl=1 640w\" sizes=\"auto, (max-width: 474px) 100vw, 474px\" \/><\/a><\/p>\n<p style=\"text-align: center;\">und noch ein paar Schleifchen extra \ud83d\ude09<\/p>\n<p style=\"text-align: center;\"><a href=\"https:\/\/i0.wp.com\/wollblog.das-wollmobil.ch\/wp-content\/uploads\/2013\/02\/20130211_174845.jpg?ssl=1\"><img data-recalc-dims=\"1\" loading=\"lazy\" decoding=\"async\" class=\"aligncenter size-medium wp-image-6087\" alt=\"20130211_174845\" src=\"https:\/\/i0.wp.com\/wollblog.das-wollmobil.ch\/wp-content\/uploads\/2013\/02\/20130211_174845.jpg?resize=474%2C356&#038;ssl=1\" width=\"474\" height=\"356\" srcset=\"https:\/\/i0.wp.com\/wollblog.das-wollmobil.ch\/wp-content\/uploads\/2013\/02\/20130211_174845.jpg?resize=500%2C375&amp;ssl=1 500w, https:\/\/i0.wp.com\/wollblog.das-wollmobil.ch\/wp-content\/uploads\/2013\/02\/20130211_174845.jpg?w=640&amp;ssl=1 640w\" sizes=\"auto, (max-width: 474px) 100vw, 474px\" \/><\/a><\/p>\n<p style=\"text-align: center;\">wie findet ihr ihn?<\/p>\n<p style=\"text-align: center;\">bis ich fertig bin wirds wohl eine ganze Galerie an Kr\u00e4nzen geben \ud83d\ude09<\/p>\n<p style=\"text-align: center;\">EDIT: den gibts ab sofort in der Aar Filiale in 5036 Oberentfelden zu kaufen, und nur dort \ud83d\ude09<\/p>\n","protected":false},"excerpt":{"rendered":"<p>jetzt musste ich doch wissen wie es mit den Strohstiften so aussieht \ud83d\ude09 und noch ein paar Schleifchen extra \ud83d\ude09 wie findet ihr ihn? bis ich fertig bin wirds wohl eine ganze Galerie an Kr\u00e4nzen geben \ud83d\ude09 EDIT: den gibts ab sofort in der Aar Filiale in 5036 Oberentfelden zu kaufen, und nur dort \ud83d\ude09<\/p>\n","protected":false},"author":2,"featured_media":0,"comment_status":"open","ping_status":"closed","sticky":false,"template":"","format":"standard","meta":{"jetpack_post_was_ever_published":false,"_jetpack_newsletter_access":"","_jetpack_dont_email_post_to_subs":false,"_jetpack_newsletter_tier_id":0,"_jetpack_memberships_contains_paywalled_content":false,"_jetpack_memberships_contains_paid_content":false,"footnotes":"","jetpack_publicize_message":"","jetpack_publicize_feature_enabled":true,"jetpack_social_post_already_shared":false,"jetpack_social_options":{"image_generator_settings":{"template":"highway","default_image_id":0,"enabled":false},"version":2}},"categories":[1,272],"tags":[],"class_list":["post-6085","post","type-post","status-publish","format-standard","hentry","category-allgemeines","category-bastelfahrt-am-17-03-2013"],"jetpack_publicize_connections":[],"jetpack_featured_media_url":"","jetpack_sharing_enabled":true,"jetpack_shortlink":"https:\/\/wp.me\/p6ALP1-1A9","jetpack-related-posts":[{"id":6104,"url":"https:\/\/wollblog.das-wollmobil.ch\/?p=6104","url_meta":{"origin":6085,"position":0},"title":"Oster Susel","author":"Barbara","date":"21. Februar 2013","format":false,"excerpt":"ich mach ja im Moment *nur* Osterdekorationen ;-) Die Osterbastelfahrt mit dem farbig B\u00e4hnli r\u00fcckt ja n\u00e4her ;-) hergestelltes Material muss ja auch getestet werden ;-) so entstehen einige Kr\u00e4nze bei mir, der Kranz Susel zum Beispiel da ich das Material ja selber herstelle, gibts jeden Kranz nur 1 Mal\u2026","rel":"","context":"In &quot;Allgemeines&quot;","block_context":{"text":"Allgemeines","link":"https:\/\/wollblog.das-wollmobil.ch\/?cat=1"},"img":{"alt_text":"susel","src":"https:\/\/i0.wp.com\/wollblog.das-wollmobil.ch\/wp-content\/uploads\/2013\/02\/susel-500x375.jpg?resize=350%2C200&ssl=1","width":350,"height":200},"classes":[]},{"id":6492,"url":"https:\/\/wollblog.das-wollmobil.ch\/?p=6492","url_meta":{"origin":6085,"position":1},"title":"Bateltipp von Efco Romantischer Adventskranz","author":"Barbara","date":"19. November 2013","format":false,"excerpt":"Bastelanleitungen Romantischer Adventskranz Idee und Realisation: Tanja Kunz Materialliste Art.-Nr. Artikelbezeichnung 2401425 Weidenkranz 2408005 Reben Dekoband 2481604 Tannenzweige 2315005 Islandmoos Natur 2475104 Metallkerzenhalter 3509003 Kerzen 1013020 Wattekugeln 2224581 Wickeldraht braun 6832928 Martha-Stewart Schablone 3443967 Wollband dunkelgr\u00fcn 3450202 Filzsterne creme 1261061 Organzaband hellgr\u00fcn 1260901 Organzaband wei\u00df 1215101 Satinband wei\u00df 1174406 Kn\u00f6pfe,\u2026","rel":"","context":"In &quot;Allgemeines&quot;","block_context":{"text":"Allgemeines","link":"https:\/\/wollblog.das-wollmobil.ch\/?cat=1"},"img":{"alt_text":"efcologo","src":"https:\/\/i0.wp.com\/wollblog.das-wollmobil.ch\/wp-content\/uploads\/2013\/11\/efcologo.gif?resize=350%2C200&ssl=1","width":350,"height":200},"classes":[]},{"id":6029,"url":"https:\/\/wollblog.das-wollmobil.ch\/?p=6029","url_meta":{"origin":6085,"position":2},"title":"Osterkranz","author":"Barbara","date":"4. Februar 2013","format":false,"excerpt":"guten Morgen in Nah und Fern ;-) gestrickt hab ich nat\u00fcrlich... aber f\u00fcr die Osterkr\u00e4nze ;-) hab auch mal einen fertig gemacht zum ausprobieren\u00a0 ;-) Die Details: Kranz gestrickt Material: handgemachter Fimo\u00a0 Oster Schmuck, Moos und diverses Bastelzeug ;-) nun w\u00fcnsche ich euch allen einen guten Wochenstart, hier schneits :-(","rel":"","context":"In &quot;Allgemeines&quot;","block_context":{"text":"Allgemeines","link":"https:\/\/wollblog.das-wollmobil.ch\/?cat=1"},"img":{"alt_text":"20130203_104527","src":"https:\/\/i0.wp.com\/wollblog.das-wollmobil.ch\/wp-content\/uploads\/2013\/02\/20130203_104527-360x480.jpg?resize=350%2C200&ssl=1","width":350,"height":200},"classes":[]},{"id":6189,"url":"https:\/\/wollblog.das-wollmobil.ch\/?p=6189","url_meta":{"origin":6085,"position":3},"title":"wie immer Osterkranz ;-)","author":"Barbara","date":"8. M\u00e4rz 2013","format":false,"excerpt":"gestern abend hatte wir Besuch ;-) ja auch das gibts lach... da die Person am 17.03. leider nicht dabei sein kann, hat sie mich gebeten ob ich ihr aber trotzdem einen Kranz machen w\u00fcrde ;-) spontan bin ich ja also..... wir stellen gleich zusammen ihren Kranz\u00a0 fertig. und das ist\u2026","rel":"","context":"In &quot;Allgemeines&quot;","block_context":{"text":"Allgemeines","link":"https:\/\/wollblog.das-wollmobil.ch\/?cat=1"},"img":{"alt_text":"20130306_184752","src":"https:\/\/i0.wp.com\/wollblog.das-wollmobil.ch\/wp-content\/uploads\/2013\/03\/20130306_184752-500x375.jpg?resize=350%2C200&ssl=1","width":350,"height":200},"classes":[]},{"id":6553,"url":"https:\/\/wollblog.das-wollmobil.ch\/?p=6553","url_meta":{"origin":6085,"position":4},"title":"T\u00fcrkranz Winter","author":"Barbara","date":"14. Dezember 2013","format":false,"excerpt":"Endlich gibts hier auch mal wieder etwas zu sehen ;-) fertig ist der Wintert\u00fcrkranz ;-) Ich w\u00fcnsche euch allen ein sch\u00f6nes Adventswochenende eure Barbara","rel":"","context":"In &quot;Allgemeines&quot;","block_context":{"text":"Allgemeines","link":"https:\/\/wollblog.das-wollmobil.ch\/?cat=1"},"img":{"alt_text":"20131129_074109","src":"https:\/\/i0.wp.com\/wollblog.das-wollmobil.ch\/wp-content\/uploads\/2013\/12\/20131129_074109-e1387025461413-360x480.jpg?resize=350%2C200&ssl=1","width":350,"height":200},"classes":[]},{"id":6100,"url":"https:\/\/wollblog.das-wollmobil.ch\/?p=6100","url_meta":{"origin":6085,"position":5},"title":"Nilana der neuste Kranz","author":"Barbara","date":"20. Februar 2013","format":false,"excerpt":"und wieder ist einer geboren ;-) dieses Mal ist der Kranz in Gelb und Gr\u00fcn, die Eier sind mit Sand bearbeitet und nat\u00fcrlich hast auch Fimo mit drinn ;-)","rel":"","context":"In &quot;Allgemeines&quot;","block_context":{"text":"Allgemeines","link":"https:\/\/wollblog.das-wollmobil.ch\/?cat=1"},"img":{"alt_text":"20130220_052103","src":"https:\/\/i0.wp.com\/wollblog.das-wollmobil.ch\/wp-content\/uploads\/2013\/02\/20130220_052103-500x375.jpg?resize=350%2C200&ssl=1","width":350,"height":200},"classes":[]}],"jetpack_likes_enabled":true,"_links":{"self":[{"href":"https:\/\/wollblog.das-wollmobil.ch\/index.php?rest_route=\/wp\/v2\/posts\/6085","targetHints":{"allow":["GET"]}}],"collection":[{"href":"https:\/\/wollblog.das-wollmobil.ch\/index.php?rest_route=\/wp\/v2\/posts"}],"about":[{"href":"https:\/\/wollblog.das-wollmobil.ch\/index.php?rest_route=\/wp\/v2\/types\/post"}],"author":[{"embeddable":true,"href":"https:\/\/wollblog.das-wollmobil.ch\/index.php?rest_route=\/wp\/v2\/users\/2"}],"replies":[{"embeddable":true,"href":"https:\/\/wollblog.das-wollmobil.ch\/index.php?rest_route=%2Fwp%2Fv2%2Fcomments&post=6085"}],"version-history":[{"count":4,"href":"https:\/\/wollblog.das-wollmobil.ch\/index.php?rest_route=\/wp\/v2\/posts\/6085\/revisions"}],"predecessor-version":[{"id":6171,"href":"https:\/\/wollblog.das-wollmobil.ch\/index.php?rest_route=\/wp\/v2\/posts\/6085\/revisions\/6171"}],"wp:attachment":[{"href":"https:\/\/wollblog.das-wollmobil.ch\/index.php?rest_route=%2Fwp%2Fv2%2Fmedia&parent=6085"}],"wp:term":[{"taxonomy":"category","embeddable":true,"href":"https:\/\/wollblog.das-wollmobil.ch\/index.php?rest_route=%2Fwp%2Fv2%2Fcategories&post=6085"},{"taxonomy":"post_tag","embeddable":true,"href":"https:\/\/wollblog.das-wollmobil.ch\/index.php?rest_route=%2Fwp%2Fv2%2Ftags&post=6085"}],"curies":[{"name":"wp","href":"https:\/\/api.w.org\/{rel}","templated":true}]}}