{"id":6044,"date":"2013-02-08T12:24:35","date_gmt":"2013-02-08T10:24:35","guid":{"rendered":"http:\/\/wollblog.das-wollmobil.ch\/?p=6044"},"modified":"2013-02-22T08:09:27","modified_gmt":"2013-02-22T06:09:27","slug":"anmeldung-ab-sofort-fur-die-osterbastelfahrt","status":"publish","type":"post","link":"https:\/\/wollblog.das-wollmobil.ch\/?p=6044","title":{"rendered":"Anmeldung ab Sofort f\u00fcr die Osterbastelfahrt vom 17.M\u00e4rz 2013"},"content":{"rendered":"<p style=\"text-align: center;\"><a href=\"https:\/\/i0.wp.com\/wollblog.das-wollmobil.ch\/wp-content\/uploads\/2013\/02\/Unbenannt.jpg?ssl=1\"><img data-recalc-dims=\"1\" loading=\"lazy\" decoding=\"async\" class=\"size-medium wp-image-6045 aligncenter\" alt=\"Unbenannt\" src=\"https:\/\/i0.wp.com\/wollblog.das-wollmobil.ch\/wp-content\/uploads\/2013\/02\/Unbenannt.jpg?resize=338%2C480&#038;ssl=1\" width=\"338\" height=\"480\" srcset=\"https:\/\/i0.wp.com\/wollblog.das-wollmobil.ch\/wp-content\/uploads\/2013\/02\/Unbenannt.jpg?resize=338%2C480&amp;ssl=1 338w, https:\/\/i0.wp.com\/wollblog.das-wollmobil.ch\/wp-content\/uploads\/2013\/02\/Unbenannt.jpg?w=633&amp;ssl=1 633w\" sizes=\"auto, (max-width: 338px) 100vw, 338px\" \/><\/a><\/p>\n<h3 style=\"text-align: center;\">es ist soweit \ud83d\ude09 ab sofort kann man sich Anmelden f\u00fcr die Osterbastelfahrt \ud83d\ude09<\/h3>\n<h2 style=\"text-align: center;\">dies geht an jedem Bahnhof von Aar<span style=\"color: #ff0000;\"> <a href=\"http:\/\/shop.das-wollmobil.ch\/shopping\/product_info.php?products_id=3204\" target=\"_blank\"><span style=\"color: #ff0000;\">oder direkt bei mir im Shop <\/span><\/a><\/span>oder per Mail an mich \ud83d\ude09<\/h2>\n<h1 style=\"text-align: center;\"><strong>Kaffe und Kuchen a Discretion gesponsert vom wollmobil<\/strong><\/h1>\n<h1 style=\"text-align: center;\"><strong><span style=\"color: #ff0000;\">+<\/span><\/strong><\/h1>\n<h2 style=\"text-align: center;\"><span style=\"color: #993366;\">Fahrt mit der Nostalgiekomposition<\/span><\/h2>\n<p style=\"text-align: center;\"><strong>Sfr. 35.00<\/strong><\/p>\n<h2 style=\"text-align: center;\">dazu kommen die Bastelmaterialkosten\u00a0 zu einem Top Pauschalpreis\u00a0\u00a0von\u00a0\u00a0Sfr. 24.00<\/h2>\n<h1 style=\"text-align: center;\"><em><strong>Total\u00a0 Sfr. 59.00<\/strong><\/em><\/h1>\n<p style=\"text-align: center;\">das kann man sich doch nicht entgehen lassen oder?<\/p>\n<p style=\"text-align: center;\">R\u00fcckkehr nach Muhen\u00a0wird zwischen 17.30 und 18.00 Uhr sein,<\/p>\n<p style=\"text-align: center;\">wenn jemand Hilfe braucht f\u00fcr die Anreise mit dem \u00d6v, Mail an <a href=\"mailto:wollkontakt@das-wollmobil.ch\">wollkontakt@das-wollmobil.ch<\/a>\u00a0dann stelle ich euch die Anfahrt gerne zusammen.<\/p>\n<p style=\"text-align: center;\">Ein Herzliches Dankesch\u00f6n an meinen Arbeitgeber der mir das ganze erst erm\u00f6glicht hat \ud83d\ude09<\/p>\n<p style=\"text-align: center;\">so nun hoffe ich auf gaaaaaaaaaaaaaaaaaaaaaanz viele Menschen die den Nachmittag in gem\u00fctlicher Gesellschaft\u00a0und nat\u00fcrlich \u00a0mit \ud83d\ude09\u00a0\u00a0\u00a0\u00a0verbringen m\u00f6gen bei Guter Laune und viel Spass \ud83d\ude09<\/p>\n<p style=\"text-align: center;\">Achtung die Platzanzahl ist beschr\u00e4nkt, meldet euch bitte rasch an \ud83d\ude42<\/p>\n","protected":false},"excerpt":{"rendered":"<p>es ist soweit \ud83d\ude09 ab sofort kann man sich Anmelden f\u00fcr die Osterbastelfahrt \ud83d\ude09 dies geht an jedem Bahnhof von Aar oder direkt bei mir im Shop oder per Mail an mich \ud83d\ude09 Kaffe und Kuchen a Discretion gesponsert vom wollmobil + Fahrt mit der Nostalgiekomposition Sfr. 35.00 dazu kommen die Bastelmaterialkosten\u00a0 zu einem Top &hellip; <a href=\"https:\/\/wollblog.das-wollmobil.ch\/?p=6044\" class=\"more-link\"><span class=\"screen-reader-text\">Anmeldung ab Sofort f\u00fcr die Osterbastelfahrt vom 17.M\u00e4rz 2013<\/span> weiterlesen <span class=\"meta-nav\">&rarr;<\/span><\/a><\/p>\n","protected":false},"author":2,"featured_media":0,"comment_status":"open","ping_status":"closed","sticky":false,"template":"","format":"standard","meta":{"jetpack_post_was_ever_published":false,"_jetpack_newsletter_access":"","_jetpack_dont_email_post_to_subs":false,"_jetpack_newsletter_tier_id":0,"_jetpack_memberships_contains_paywalled_content":false,"_jetpack_memberships_contains_paid_content":false,"footnotes":"","jetpack_publicize_message":"","jetpack_publicize_feature_enabled":true,"jetpack_social_post_already_shared":false,"jetpack_social_options":{"image_generator_settings":{"template":"highway","default_image_id":0,"enabled":false},"version":2}},"categories":[1,272],"tags":[],"class_list":["post-6044","post","type-post","status-publish","format-standard","hentry","category-allgemeines","category-bastelfahrt-am-17-03-2013"],"jetpack_publicize_connections":[],"jetpack_featured_media_url":"","jetpack_sharing_enabled":true,"jetpack_shortlink":"https:\/\/wp.me\/p6ALP1-1zu","jetpack-related-posts":[{"id":6021,"url":"https:\/\/wollblog.das-wollmobil.ch\/?p=6021","url_meta":{"origin":6044,"position":0},"title":"Osterkranzbasteln am 17.03.2013","author":"Barbara","date":"3. Februar 2013","format":false,"excerpt":"Guten Morgen zusammen ;-) der Titel erz\u00e4hlt euch Heute in was f\u00fcr Vorbereitungen ich stecke ;-) ich organisiere einen Bastelnachmittag mit, nicht irgend einen, er soll schon ganz sch\u00f6n speziell werden und die Vorarbeit ist nicht ohne ;-) es soll ein Oster-Kranzbasteln im Zug werden, verbunden mit einer Zugsfahrt im\u2026","rel":"","context":"In &quot;Allgemeines&quot;","block_context":{"text":"Allgemeines","link":"https:\/\/wollblog.das-wollmobil.ch\/?cat=1"},"img":{"alt_text":"20130131_202649","src":"https:\/\/i0.wp.com\/wollblog.das-wollmobil.ch\/wp-content\/uploads\/2013\/02\/20130131_202649-e1359865910883-288x480.jpg?resize=350%2C200&ssl=1","width":350,"height":200},"classes":[]},{"id":6064,"url":"https:\/\/wollblog.das-wollmobil.ch\/?p=6064","url_meta":{"origin":6044,"position":1},"title":"wollt ihr mit guggen? Vorbereiten f\u00fcr die Bastelfahrt 2013","author":"Barbara","date":"9. Februar 2013","format":false,"excerpt":"ich stecke ja schon ne ganz Weile in den Vorbereitungen f\u00fcr die Osterbastelfahrt ;-) jetzt kann man auch schon was sehen davon ********* viiiiiiiiiiiiiiiiele riesige Schachteln stehen \u00fcberall rum************* 2 Schachteln voll Styroporringe ;-) die wollen alle noch vor der Fahrt umstrickt werden ;-) so wie diese ;-) phuuuuuuuuuuuu soooooooooooo\u2026","rel":"","context":"In &quot;Allgemeines&quot;","block_context":{"text":"Allgemeines","link":"https:\/\/wollblog.das-wollmobil.ch\/?cat=1"},"img":{"alt_text":"20130209_125803","src":"https:\/\/i0.wp.com\/wollblog.das-wollmobil.ch\/wp-content\/uploads\/2013\/02\/20130209_125803-500x375.jpg?resize=350%2C200&ssl=1","width":350,"height":200},"classes":[]},{"id":6104,"url":"https:\/\/wollblog.das-wollmobil.ch\/?p=6104","url_meta":{"origin":6044,"position":2},"title":"Oster Susel","author":"Barbara","date":"21. Februar 2013","format":false,"excerpt":"ich mach ja im Moment *nur* Osterdekorationen ;-) Die Osterbastelfahrt mit dem farbig B\u00e4hnli r\u00fcckt ja n\u00e4her ;-) hergestelltes Material muss ja auch getestet werden ;-) so entstehen einige Kr\u00e4nze bei mir, der Kranz Susel zum Beispiel da ich das Material ja selber herstelle, gibts jeden Kranz nur 1 Mal\u2026","rel":"","context":"In &quot;Allgemeines&quot;","block_context":{"text":"Allgemeines","link":"https:\/\/wollblog.das-wollmobil.ch\/?cat=1"},"img":{"alt_text":"susel","src":"https:\/\/i0.wp.com\/wollblog.das-wollmobil.ch\/wp-content\/uploads\/2013\/02\/susel-500x375.jpg?resize=350%2C200&ssl=1","width":350,"height":200},"classes":[]},{"id":6198,"url":"https:\/\/wollblog.das-wollmobil.ch\/?p=6198","url_meta":{"origin":6044,"position":3},"title":"Osterkr\u00e4nze die Bilderflut","author":"Barbara","date":"21. M\u00e4rz 2013","format":false,"excerpt":"Guten Morgen, so, jetzt sind die Bilder verkleinert und Net tauglich ;-) es sind nicht ganz alle Kr\u00e4nze dabei die bei der Bastelfahrt entstanden sind aber viele ,-) es war ein toller Nachmittag, danke noch einmal an alle die dabei waren.","rel":"","context":"In &quot;Allgemeines&quot;","block_context":{"text":"Allgemeines","link":"https:\/\/wollblog.das-wollmobil.ch\/?cat=1"},"img":{"alt_text":"DSC02841","src":"https:\/\/i0.wp.com\/wollblog.das-wollmobil.ch\/wp-content\/uploads\/2013\/03\/DSC02841-360x480.jpg?resize=350%2C200&ssl=1","width":350,"height":200},"classes":[]},{"id":6193,"url":"https:\/\/wollblog.das-wollmobil.ch\/?p=6193","url_meta":{"origin":6044,"position":4},"title":"Endspurt zur Bastelfahrt","author":"Barbara","date":"15. M\u00e4rz 2013","format":false,"excerpt":"guten Morgen ihr alle, es tut mir leid das diese Woche so still war ;-) die Tage sind nur so dahin gerast und schwup waren sie weg. Der Endspurt hat begonnen denn am Sonntag ist es soweit ;-) unsere Bastelfahrt ist in schnellen Schritten im Anmarsch ;-) wollt ihr mal\u2026","rel":"","context":"In &quot;Allgemeines&quot;","block_context":{"text":"Allgemeines","link":"https:\/\/wollblog.das-wollmobil.ch\/?cat=1"},"img":{"alt_text":"20130313_181232","src":"https:\/\/i0.wp.com\/wollblog.das-wollmobil.ch\/wp-content\/uploads\/2013\/03\/20130313_181232-500x375.jpg?resize=350%2C200&ssl=1","width":350,"height":200},"classes":[]},{"id":4651,"url":"https:\/\/wollblog.das-wollmobil.ch\/?p=4651","url_meta":{"origin":6044,"position":5},"title":"Geburribuch die 11.","author":"Barbara","date":"20. November 2011","format":false,"excerpt":"ist von\u00a0 Nin 2001, auch dir ganz ganz lieben Dank f\u00fcr die h\u00fcbsche Karte.","rel":"","context":"In &quot;Allgemeines&quot;","block_context":{"text":"Allgemeines","link":"https:\/\/wollblog.das-wollmobil.ch\/?cat=1"},"img":{"alt_text":"","src":"https:\/\/i0.wp.com\/wollblog.das-wollmobil.ch\/wp-content\/uploads\/2011\/11\/burribuch18-500x375.jpg?resize=350%2C200&ssl=1","width":350,"height":200},"classes":[]}],"jetpack_likes_enabled":true,"_links":{"self":[{"href":"https:\/\/wollblog.das-wollmobil.ch\/index.php?rest_route=\/wp\/v2\/posts\/6044","targetHints":{"allow":["GET"]}}],"collection":[{"href":"https:\/\/wollblog.das-wollmobil.ch\/index.php?rest_route=\/wp\/v2\/posts"}],"about":[{"href":"https:\/\/wollblog.das-wollmobil.ch\/index.php?rest_route=\/wp\/v2\/types\/post"}],"author":[{"embeddable":true,"href":"https:\/\/wollblog.das-wollmobil.ch\/index.php?rest_route=\/wp\/v2\/users\/2"}],"replies":[{"embeddable":true,"href":"https:\/\/wollblog.das-wollmobil.ch\/index.php?rest_route=%2Fwp%2Fv2%2Fcomments&post=6044"}],"version-history":[{"count":19,"href":"https:\/\/wollblog.das-wollmobil.ch\/index.php?rest_route=\/wp\/v2\/posts\/6044\/revisions"}],"predecessor-version":[{"id":6063,"href":"https:\/\/wollblog.das-wollmobil.ch\/index.php?rest_route=\/wp\/v2\/posts\/6044\/revisions\/6063"}],"wp:attachment":[{"href":"https:\/\/wollblog.das-wollmobil.ch\/index.php?rest_route=%2Fwp%2Fv2%2Fmedia&parent=6044"}],"wp:term":[{"taxonomy":"category","embeddable":true,"href":"https:\/\/wollblog.das-wollmobil.ch\/index.php?rest_route=%2Fwp%2Fv2%2Fcategories&post=6044"},{"taxonomy":"post_tag","embeddable":true,"href":"https:\/\/wollblog.das-wollmobil.ch\/index.php?rest_route=%2Fwp%2Fv2%2Ftags&post=6044"}],"curies":[{"name":"wp","href":"https:\/\/api.w.org\/{rel}","templated":true}]}}