{"id":3743,"date":"2011-01-24T11:23:38","date_gmt":"2011-01-24T09:23:38","guid":{"rendered":"http:\/\/wollblog.das-wollmobil.ch\/?p=3743"},"modified":"2011-01-24T11:23:38","modified_gmt":"2011-01-24T09:23:38","slug":"kauni-jacke-macht-fortschritte","status":"publish","type":"post","link":"https:\/\/wollblog.das-wollmobil.ch\/?p=3743","title":{"rendered":"Kauni Jacke macht Fortschritte"},"content":{"rendered":"<p style=\"text-align: center;\">und bald ist sie fertig \ud83d\ude09 sie ist echt gewachsen die Tage \ud83d\ude09<\/p>\n<p style=\"text-align: center;\"><a href=\"https:\/\/i0.wp.com\/wollblog.das-wollmobil.ch\/wp-content\/uploads\/2011\/01\/jacke6.jpg?ssl=1\"><img data-recalc-dims=\"1\" loading=\"lazy\" decoding=\"async\" class=\"aligncenter size-medium wp-image-3744\" title=\"jacke6\" src=\"https:\/\/i0.wp.com\/wollblog.das-wollmobil.ch\/wp-content\/uploads\/2011\/01\/jacke6.jpg?resize=359%2C480&#038;ssl=1\" alt=\"\" width=\"359\" height=\"480\" srcset=\"https:\/\/i0.wp.com\/wollblog.das-wollmobil.ch\/wp-content\/uploads\/2011\/01\/jacke6.jpg?resize=359%2C480&amp;ssl=1 359w, https:\/\/i0.wp.com\/wollblog.das-wollmobil.ch\/wp-content\/uploads\/2011\/01\/jacke6.jpg?w=412&amp;ssl=1 412w\" sizes=\"auto, (max-width: 359px) 100vw, 359px\" \/><\/a><\/p>\n<p style=\"text-align: center;\"><a href=\"https:\/\/i0.wp.com\/wollblog.das-wollmobil.ch\/wp-content\/uploads\/2011\/01\/jacke7.jpg?ssl=1\"><img data-recalc-dims=\"1\" loading=\"lazy\" decoding=\"async\" class=\"aligncenter size-medium wp-image-3745\" title=\"jacke7\" src=\"https:\/\/i0.wp.com\/wollblog.das-wollmobil.ch\/wp-content\/uploads\/2011\/01\/jacke7.jpg?resize=359%2C480&#038;ssl=1\" alt=\"\" width=\"359\" height=\"480\" srcset=\"https:\/\/i0.wp.com\/wollblog.das-wollmobil.ch\/wp-content\/uploads\/2011\/01\/jacke7.jpg?resize=359%2C480&amp;ssl=1 359w, https:\/\/i0.wp.com\/wollblog.das-wollmobil.ch\/wp-content\/uploads\/2011\/01\/jacke7.jpg?w=412&amp;ssl=1 412w\" sizes=\"auto, (max-width: 359px) 100vw, 359px\" \/><\/a><\/p>\n<p style=\"text-align: center;\">jetzt noch die \u00c4rmel fertig stricken, Abschl\u00fcsse stricken, Kn\u00f6pfe drann und dann ist es geschafft.<\/p>\n<p style=\"text-align: center;\">liebe Gr\u00fcsse eure Barbara<\/p>\n","protected":false},"excerpt":{"rendered":"<p>und bald ist sie fertig \ud83d\ude09 sie ist echt gewachsen die Tage \ud83d\ude09 jetzt noch die \u00c4rmel fertig stricken, Abschl\u00fcsse stricken, Kn\u00f6pfe drann und dann ist es geschafft. liebe Gr\u00fcsse eure Barbara<\/p>\n","protected":false},"author":2,"featured_media":0,"comment_status":"open","ping_status":"closed","sticky":false,"template":"","format":"standard","meta":{"jetpack_post_was_ever_published":false,"_jetpack_newsletter_access":"","_jetpack_dont_email_post_to_subs":false,"_jetpack_newsletter_tier_id":0,"_jetpack_memberships_contains_paywalled_content":false,"_jetpack_memberships_contains_paid_content":false,"footnotes":"","jetpack_publicize_message":"","jetpack_publicize_feature_enabled":true,"jetpack_social_post_already_shared":false,"jetpack_social_options":{"image_generator_settings":{"template":"highway","default_image_id":0,"enabled":false},"version":2}},"categories":[1,4],"tags":[],"class_list":["post-3743","post","type-post","status-publish","format-standard","hentry","category-allgemeines","category-wollwerke"],"jetpack_publicize_connections":[],"jetpack_featured_media_url":"","jetpack_sharing_enabled":true,"jetpack_shortlink":"https:\/\/wp.me\/p6ALP1-Yn","jetpack-related-posts":[{"id":2796,"url":"https:\/\/wollblog.das-wollmobil.ch\/?p=2796","url_meta":{"origin":3743,"position":0},"title":"Taumw\u00f6lkchen aus Moon Nigth geht weiter","author":"Barbara","date":"25. M\u00e4rz 2010","format":false,"excerpt":"nun ist es fertig gestrickt aber erst gestrickt was heisst noch nicht fertig ;-) und zur Feier des Tages und weil es das wollmobil nun doch auch schon 2 Jahre und 2 Monate\u00a0 gibt seht ihr sogar wer es gestrickt hat :mrgreen: Morgen verrate ich euch wie es weiter geht\u2026","rel":"","context":"In &quot;Allgemeines&quot;","block_context":{"text":"Allgemeines","link":"https:\/\/wollblog.das-wollmobil.ch\/?cat=1"},"img":{"alt_text":"","src":"https:\/\/i0.wp.com\/wollblog.das-wollmobil.ch\/wp-content\/uploads\/2010\/03\/mikischal_001-389x480.jpg?resize=350%2C200&ssl=1","width":350,"height":200},"classes":[]},{"id":4419,"url":"https:\/\/wollblog.das-wollmobil.ch\/?p=4419","url_meta":{"origin":3743,"position":1},"title":"Die verstrickte Dienstagsfrage 34\/2011","author":"Barbara","date":"23. August 2011","format":false,"excerpt":"Die verstrickte Dienstagsfrage 34\/2011 Immer wieder liest man, dass Strickst\u00fccke fertig gestrickt sind, aber nicht zusammen gef\u00fcgt werden. Macht ihr die Auswahl eurer Projekte von der zu erwartenden N\u00e4harbeit abh\u00e4ngig? Vielen Dank an Michaela f\u00fcr die heutige Frage! nein davon abh\u00e4ngig mache ich es nicht, aber auch bei mir liegt\u2026","rel":"","context":"In &quot;Allgemeines&quot;","block_context":{"text":"Allgemeines","link":"https:\/\/wollblog.das-wollmobil.ch\/?cat=1"},"img":{"alt_text":"","src":"","width":0,"height":0},"classes":[]},{"id":3225,"url":"https:\/\/wollblog.das-wollmobil.ch\/?p=3225","url_meta":{"origin":3743,"position":2},"title":"gelochtes Pulli","author":"Barbara","date":"24. September 2010","format":false,"excerpt":"Hallo ihr Lieben, schon wieder wars ein paar Tage ruhig hier... mir l\u00e4uft einfach immer wieder die Zeit weg grrrrr.... wie versprochen das erste fertige Teilchen seit langem das ich gestrickt habe ;-) es sind so einige Dinge hier fast fertig aber eben nur fast ;-) entweder fehlen noch ein\u2026","rel":"","context":"In &quot;Allgemeines&quot;","block_context":{"text":"Allgemeines","link":"https:\/\/wollblog.das-wollmobil.ch\/?cat=1"},"img":{"alt_text":"","src":"https:\/\/i0.wp.com\/wollblog.das-wollmobil.ch\/wp-content\/uploads\/2010\/09\/pulli-chunky-360x480.jpg?resize=350%2C200&ssl=1","width":350,"height":200},"classes":[]},{"id":2779,"url":"https:\/\/wollblog.das-wollmobil.ch\/?p=2779","url_meta":{"origin":3743,"position":3},"title":"Schal aus der Moon Night Lace Wolle","author":"Barbara","date":"22. M\u00e4rz 2010","format":false,"excerpt":"ja den habe ich endlich angefangen ;-) aus der weissen Moon Night :mrgreen: mit Nadel Nummer 4 ;-) ich bin gespannt wie viel er wiegt wenn er fertig ist ;-) denn wenn er fertig gestrickt ist will ich etwas versuchen ;-) ich will nun\u00a0 ganz schnell weiter stricken damit er\u2026","rel":"","context":"In &quot;Allgemeines&quot;","block_context":{"text":"Allgemeines","link":"https:\/\/wollblog.das-wollmobil.ch\/?cat=1"},"img":{"alt_text":"","src":"https:\/\/i0.wp.com\/wollblog.das-wollmobil.ch\/wp-content\/uploads\/2010\/03\/moonange-360x480.jpg?resize=350%2C200&ssl=1","width":350,"height":200},"classes":[]},{"id":3749,"url":"https:\/\/wollblog.das-wollmobil.ch\/?p=3749","url_meta":{"origin":3743,"position":4},"title":"Die verstrickte Dienstagsfrage 4\/2011","author":"Barbara","date":"25. Januar 2011","format":false,"excerpt":"Die verstrickte Dienstagsfrage 4\/2011 Was sind eigentlich eure Strickvorlieben? Strickt ihr lieber Kleinteile und Accessoires (also Socken, Handschuhe, Muetzen oder Schals) oder darf es was groesseres sein (z.b. Pullis, Jacken, vielleicht sogar Maentel)? Und warum? Wollt ihr mit euren Strickstuecken schnell fertig sein, oder das stricken dran so richtig geniessen?\u2026","rel":"","context":"In &quot;Allgemeines&quot;","block_context":{"text":"Allgemeines","link":"https:\/\/wollblog.das-wollmobil.ch\/?cat=1"},"img":{"alt_text":"","src":"","width":0,"height":0},"classes":[]},{"id":3289,"url":"https:\/\/wollblog.das-wollmobil.ch\/?p=3289","url_meta":{"origin":3743,"position":5},"title":"mein Lanesplitter ist fertig","author":"Barbara","date":"4. Oktober 2010","format":false,"excerpt":"ja er ist gestern fertig geworden ;-) ich habe ihn gestrickt um ihn \u00fcber Leggins oder Jeans zu tragen, desshalb ist\u00a0er auch nicht so lang wie ein normaler Jupe ;-) dann habe ich ihm eine breite Borte verpasst ;-) so kann ich\u00a0sp\u00e4ter wenn er ein wenig ausleiern sollte die Borte\u2026","rel":"","context":"In &quot;Allgemeines&quot;","block_context":{"text":"Allgemeines","link":"https:\/\/wollblog.das-wollmobil.ch\/?cat=1"},"img":{"alt_text":"","src":"https:\/\/i0.wp.com\/wollblog.das-wollmobil.ch\/wp-content\/uploads\/2010\/10\/lanesplitter4.jpg?resize=350%2C200&ssl=1","width":350,"height":200},"classes":[]}],"jetpack_likes_enabled":true,"_links":{"self":[{"href":"https:\/\/wollblog.das-wollmobil.ch\/index.php?rest_route=\/wp\/v2\/posts\/3743","targetHints":{"allow":["GET"]}}],"collection":[{"href":"https:\/\/wollblog.das-wollmobil.ch\/index.php?rest_route=\/wp\/v2\/posts"}],"about":[{"href":"https:\/\/wollblog.das-wollmobil.ch\/index.php?rest_route=\/wp\/v2\/types\/post"}],"author":[{"embeddable":true,"href":"https:\/\/wollblog.das-wollmobil.ch\/index.php?rest_route=\/wp\/v2\/users\/2"}],"replies":[{"embeddable":true,"href":"https:\/\/wollblog.das-wollmobil.ch\/index.php?rest_route=%2Fwp%2Fv2%2Fcomments&post=3743"}],"version-history":[{"count":2,"href":"https:\/\/wollblog.das-wollmobil.ch\/index.php?rest_route=\/wp\/v2\/posts\/3743\/revisions"}],"predecessor-version":[{"id":3747,"href":"https:\/\/wollblog.das-wollmobil.ch\/index.php?rest_route=\/wp\/v2\/posts\/3743\/revisions\/3747"}],"wp:attachment":[{"href":"https:\/\/wollblog.das-wollmobil.ch\/index.php?rest_route=%2Fwp%2Fv2%2Fmedia&parent=3743"}],"wp:term":[{"taxonomy":"category","embeddable":true,"href":"https:\/\/wollblog.das-wollmobil.ch\/index.php?rest_route=%2Fwp%2Fv2%2Fcategories&post=3743"},{"taxonomy":"post_tag","embeddable":true,"href":"https:\/\/wollblog.das-wollmobil.ch\/index.php?rest_route=%2Fwp%2Fv2%2Ftags&post=3743"}],"curies":[{"name":"wp","href":"https:\/\/api.w.org\/{rel}","templated":true}]}}