{"id":3094,"date":"2011-06-30T19:41:33","date_gmt":"2011-06-30T17:41:33","guid":{"rendered":"http:\/\/wollblog.das-wollmobil.ch\/?p=3094"},"modified":"2011-06-30T19:41:33","modified_gmt":"2011-06-30T17:41:33","slug":"wollt-ihr-in-den-topf-gucken","status":"publish","type":"post","link":"https:\/\/wollblog.das-wollmobil.ch\/?p=3094","title":{"rendered":"wollt ihr in den Topf gucken?"},"content":{"rendered":"<p style=\"text-align: center;\">sodela da bin ich wieder \ud83d\ude09<\/p>\n<p style=\"text-align: center;\">Die Pfannen waren auf den Herdplatten und nein, es gab leider\u00a0 keine Spaghetti \ud83d\ude00<\/p>\n<p><img decoding=\"async\" class=\"aligncenter\" src=\"..\/wp-content\/uploads\/2010\/06\/300611_topfgucken1.jpg\" alt=\"https:\/\/wollblog.das-wollmobil.ch\/wp-content\/uploads\/2010\/06\/300611_topfgucken1.jpg\" \/><\/p>\n<p style=\"text-align: center;\">Noch ein Topf voll Baumwolle!<\/p>\n<p><img decoding=\"async\" class=\"aligncenter\" src=\"..\/wp-content\/uploads\/2010\/06\/300611_topfgucken2.jpg\" alt=\"https:\/\/wollblog.das-wollmobil.ch\/wp-content\/uploads\/2010\/06\/300611_topfgucken2.jpg\" \/><\/p>\n<p style=\"text-align: center;\">Nat\u00fcrlich werden die Str\u00e4nge nicht nur unifarben, ne ne bei mir bestimmt nicht \ud83d\ude09<\/p>\n<p><img decoding=\"async\" class=\"aligncenter\" src=\"..\/wp-content\/uploads\/2011\/06\/300611_topfgucken3.jpg\" alt=\"https:\/\/wollblog.das-wollmobil.ch\/wp-content\/uploads\/2011\/06\/300611_topfgucken3.jpg\" \/><\/p>\n<p style=\"text-align: center;\">Strickschl\u00e4uche brauchts nat\u00fcrlich auch, was allerdings genau passieren soll damit wird euch noch nicht verraten, ich sah aber Pinsel und kleine Gef\u00e4sse,\u00a0 ihr d\u00fcrft gespannt sein \ud83d\ude09<br \/>\nviiiiiiiiiiiiiiiiel\u00a0 Kaffee hab ich nat\u00fcrlich dazwischen bekommen \ud83d\ude09<\/p>\n<p style=\"text-align: center;\"><img data-recalc-dims=\"1\" src=\"https:\/\/i0.wp.com\/wollblog.das-wollmobil.ch\/wp-includes\/images\/smilies\/mrgreen.png?w=474&#038;ssl=1\" alt=\":mrgreen:\" class=\"wp-smiley\" style=\"height: 1em; max-height: 1em;\" \/><br \/>\nDiesen Strickschlauch habe ich schon mal pink-gelb gef\u00e4rbt aber da kommt sicher noch was.<\/p>\n<p><img decoding=\"async\" class=\"aligncenter\" src=\"..\/wp-content\/uploads\/2010\/06\/300611_waswirddas.jpg\" alt=\"https:\/\/wollblog.das-wollmobil.ch\/wp-content\/uploads\/2010\/06\/300611_waswirddas.jpg\" \/><\/p>\n<p style=\"text-align: center;\">Ein paar Str\u00e4nge sind soweit fertig dass ich sie zeigen kann &#8211; nachher gehen sie nat\u00fcrlich noch baden:<\/p>\n<p><img decoding=\"async\" class=\"aligncenter\" src=\"..\/wp-content\/uploads\/2011\/06\/300611_mikibuntetmitemo.jpg\" alt=\"https:\/\/wollblog.das-wollmobil.ch\/wp-content\/uploads\/2011\/06\/300611_mikibuntetmitemo.jpg\" \/><\/p>\n<p style=\"text-align: center;\">Einmal quer durchs EMO-Farbsortiment \ud83d\ude00<\/p>\n<p><img decoding=\"async\" class=\"aligncenter\" src=\"..\/wp-content\/uploads\/2011\/06\/300611_mikibuntetmitemo2.jpg\" alt=\"https:\/\/wollblog.das-wollmobil.ch\/wp-content\/uploads\/2011\/06\/300611_mikibuntetmitemo2.jpg\" \/><\/p>\n<p style=\"text-align: center;\">Eine wundersch\u00f6ne Bl\u00fcte habe ich auch noch entdeckt. Die Begonie ist gr\u00f6sser als ich, hat den wundersch\u00f6nen Namen &#8222;Tamaya&#8220; und nicht nur die Bl\u00fcten sind beeindruckend \ud83d\ude00<\/p>\n<p><img decoding=\"async\" class=\"aligncenter\" src=\"..\/wp-content\/uploads\/2011\/06\/begonie-tamaya.jpg\" alt=\"https:\/\/wollblog.das-wollmobil.ch\/wp-content\/uploads\/2011\/06\/begonie-tamaya.jpg\" \/><\/p>\n<p style=\"text-align: center;\">Am liebsten h\u00e4tte ich die Str\u00e4nge nat\u00fcrlich gleich mitgenommen! Aber sie m\u00fcssen noch ausgesp\u00fclt werden und trocknen wollen sie auch noch &#8211; so warte ich geduldig und freue mich auf die n\u00e4chste F\u00e4rbeparty.<\/p>\n<p>&nbsp;<\/p>\n<p>&nbsp;<\/p>\n","protected":false},"excerpt":{"rendered":"<p>sodela da bin ich wieder \ud83d\ude09 Die Pfannen waren auf den Herdplatten und nein, es gab leider\u00a0 keine Spaghetti \ud83d\ude00 Noch ein Topf voll Baumwolle! Nat\u00fcrlich werden die Str\u00e4nge nicht nur unifarben, ne ne bei mir bestimmt nicht \ud83d\ude09 Strickschl\u00e4uche brauchts nat\u00fcrlich auch, was allerdings genau passieren soll damit wird euch noch nicht verraten, ich &hellip; <a href=\"https:\/\/wollblog.das-wollmobil.ch\/?p=3094\" class=\"more-link\"><span class=\"screen-reader-text\">wollt ihr in den Topf gucken?<\/span> weiterlesen <span class=\"meta-nav\">&rarr;<\/span><\/a><\/p>\n","protected":false},"author":2,"featured_media":0,"comment_status":"open","ping_status":"closed","sticky":false,"template":"","format":"standard","meta":{"jetpack_post_was_ever_published":false,"_jetpack_newsletter_access":"","_jetpack_dont_email_post_to_subs":false,"_jetpack_newsletter_tier_id":0,"_jetpack_memberships_contains_paywalled_content":false,"_jetpack_memberships_contains_paid_content":false,"footnotes":"","jetpack_publicize_message":"","jetpack_publicize_feature_enabled":true,"jetpack_social_post_already_shared":false,"jetpack_social_options":{"image_generator_settings":{"template":"highway","default_image_id":0,"enabled":false},"version":2}},"categories":[1],"tags":[],"class_list":["post-3094","post","type-post","status-publish","format-standard","hentry","category-allgemeines"],"jetpack_publicize_connections":[],"jetpack_featured_media_url":"","jetpack_sharing_enabled":true,"jetpack_shortlink":"https:\/\/wp.me\/p6ALP1-NU","jetpack-related-posts":[{"id":5127,"url":"https:\/\/wollblog.das-wollmobil.ch\/?p=5127","url_meta":{"origin":3094,"position":0},"title":"mein kleiner gr\u00fcner Kaktus ;-)","author":"Barbara","date":"16. April 2012","format":false,"excerpt":"ich hab so gar kein H\u00e4ndchen f\u00fcr einen Kaktus.... ich denke ich schau denen einfach zuuuuuuuuuuuuuuu gut ;-) letztes Jahr hab ich 4 kleine getopft, die eine Bekannte zur\u00fcck geschnitten hat ;-) bei 3en schau ich wohl mal wieder *zguet* ;-) aber bei dem 4.ten... lach da hab ich doch\u2026","rel":"","context":"In &quot;Allgemeines&quot;","block_context":{"text":"Allgemeines","link":"https:\/\/wollblog.das-wollmobil.ch\/?cat=1"},"img":{"alt_text":"","src":"https:\/\/i0.wp.com\/wollblog.das-wollmobil.ch\/wp-content\/uploads\/2012\/04\/kaktus-334x480.jpg?resize=350%2C200&ssl=1","width":350,"height":200},"classes":[]},{"id":4874,"url":"https:\/\/wollblog.das-wollmobil.ch\/?p=4874","url_meta":{"origin":3094,"position":1},"title":"Die verstrickte Dienstagsfrage 8\/2012","author":"Barbara","date":"21. Februar 2012","format":false,"excerpt":"Die verstrickte Dienstagsfrage\u00a08\/2012 Strickerinnen h\u00f6ren von nicht strickenden Partnern manchmal recht eigent\u00fcmliche Fragen \u2013 von \"Sind die L\u00f6cher da Absicht?\" bei einem Lacemuster \u00fcber \"Muss man das nachher n\u00e4hen?\" ist so ziemlich alles drin. Auch Fragen zu Stricktechniken oder Utensilien k\u00f6nnen recht erheiternd sein. Was ist das Lustigste, das Euch\u2026","rel":"","context":"In &quot;Allgemeines&quot;","block_context":{"text":"Allgemeines","link":"https:\/\/wollblog.das-wollmobil.ch\/?cat=1"},"img":{"alt_text":"","src":"","width":0,"height":0},"classes":[]},{"id":3592,"url":"https:\/\/wollblog.das-wollmobil.ch\/?p=3592","url_meta":{"origin":3094,"position":2},"title":"die Anna ist bei mir und sie ist meins","author":"Barbara","date":"30. November 2010","format":false,"excerpt":"ihr glaubt nicht was ich vorhin ausgepackt habe\u00a0 ne das geht ja mal gar nicht so\u00a0 das Essen vergess ich Heute\u00a0\u00a0 und ich hab ge\u00f6ffnet\u00a0 ne echt Miri.... bist du von allen guten Geistern verlassen????????????? ich heule hier in meiner Pause nur noch Rum und kann es nicht fassen\u00a0 Hat\u2026","rel":"","context":"In &quot;Allgemeines&quot;","block_context":{"text":"Allgemeines","link":"https:\/\/wollblog.das-wollmobil.ch\/?cat=1"},"img":{"alt_text":"","src":"https:\/\/i0.wp.com\/wollblog.das-wollmobil.ch\/wp-content\/uploads\/2010\/11\/miri-360x480.jpg?resize=350%2C200&ssl=1","width":350,"height":200},"classes":[]},{"id":6257,"url":"https:\/\/wollblog.das-wollmobil.ch\/?p=6257","url_meta":{"origin":3094,"position":3},"title":"Die verstrickte Dienstagsfrage 20\/2013","author":"Barbara","date":"14. Mai 2013","format":false,"excerpt":"\u00a0 Die verstrickte Dienstagsfrage\u00a020\/2013 14 Mai Immer wieder kommt es vor, dass ich beim Stricken pl\u00f6tzlich ein Fadenende in der Hand habe, obwohl noch genug Wolle da ist \u2013 Motten! Das kann bei \u00e4lteren, aber genauso gut bei noch nicht so lange abgelagerten Wollkn\u00e4ulen der Fall sein. Wie sch\u00fctzt ihr\u2026","rel":"","context":"In &quot;Allgemeines&quot;","block_context":{"text":"Allgemeines","link":"https:\/\/wollblog.das-wollmobil.ch\/?cat=1"},"img":{"alt_text":"","src":"","width":0,"height":0},"classes":[]},{"id":6931,"url":"https:\/\/wollblog.das-wollmobil.ch\/?p=6931","url_meta":{"origin":3094,"position":4},"title":"ich habe mir ne Zutter Maschine geg\u00f6nnt","author":"Barbara","date":"20. Februar 2016","format":false,"excerpt":"oh ja, schon fast 2 Jahre lieb\u00e4ugle ich mit der Zutter Bind It All Maschine ;-) nun ist sie bei mir eingezogen, die Zutter Bind It All, das ist so ein tolles Teilchen *wow* Das Wetter Heute Sagt Basteltime und so wurde sie nat\u00fcrlich auch schon getestet ;-) ich musste\u00a0\u2026","rel":"","context":"In &quot;Allgemeines&quot;","block_context":{"text":"Allgemeines","link":"https:\/\/wollblog.das-wollmobil.ch\/?cat=1"},"img":{"alt_text":"20160220_144856.jpg","src":"https:\/\/i0.wp.com\/wollblog.das-wollmobil.ch\/wp-content\/uploads\/2016\/02\/20160220_144856-e1455978193617-270x480.jpg?resize=350%2C200&ssl=1","width":350,"height":200},"classes":[]},{"id":2277,"url":"https:\/\/wollblog.das-wollmobil.ch\/?p=2277","url_meta":{"origin":3094,"position":5},"title":"danke sch\u00f6n","author":"Barbara","date":"18. September 2009","format":false,"excerpt":"f\u00fcr die lieben Kommentare und ein Merci f\u00fcr eure Vorschl\u00e4ge und f\u00fcr die Mails die ich bekommen habe ;-) ich finds ja echt toll das ihr meine Idee Partylite und Wollmobil zu kombinieren Klasse findet ;-) als erstes Kauf ich mir ein Tom Tom ... ich hab mich einmal umgesehen\u2026","rel":"","context":"In &quot;Allgemeines&quot;","block_context":{"text":"Allgemeines","link":"https:\/\/wollblog.das-wollmobil.ch\/?cat=1"},"img":{"alt_text":"","src":"","width":0,"height":0},"classes":[]}],"jetpack_likes_enabled":true,"_links":{"self":[{"href":"https:\/\/wollblog.das-wollmobil.ch\/index.php?rest_route=\/wp\/v2\/posts\/3094","targetHints":{"allow":["GET"]}}],"collection":[{"href":"https:\/\/wollblog.das-wollmobil.ch\/index.php?rest_route=\/wp\/v2\/posts"}],"about":[{"href":"https:\/\/wollblog.das-wollmobil.ch\/index.php?rest_route=\/wp\/v2\/types\/post"}],"author":[{"embeddable":true,"href":"https:\/\/wollblog.das-wollmobil.ch\/index.php?rest_route=\/wp\/v2\/users\/2"}],"replies":[{"embeddable":true,"href":"https:\/\/wollblog.das-wollmobil.ch\/index.php?rest_route=%2Fwp%2Fv2%2Fcomments&post=3094"}],"version-history":[{"count":4,"href":"https:\/\/wollblog.das-wollmobil.ch\/index.php?rest_route=\/wp\/v2\/posts\/3094\/revisions"}],"predecessor-version":[{"id":4219,"href":"https:\/\/wollblog.das-wollmobil.ch\/index.php?rest_route=\/wp\/v2\/posts\/3094\/revisions\/4219"}],"wp:attachment":[{"href":"https:\/\/wollblog.das-wollmobil.ch\/index.php?rest_route=%2Fwp%2Fv2%2Fmedia&parent=3094"}],"wp:term":[{"taxonomy":"category","embeddable":true,"href":"https:\/\/wollblog.das-wollmobil.ch\/index.php?rest_route=%2Fwp%2Fv2%2Fcategories&post=3094"},{"taxonomy":"post_tag","embeddable":true,"href":"https:\/\/wollblog.das-wollmobil.ch\/index.php?rest_route=%2Fwp%2Fv2%2Ftags&post=3094"}],"curies":[{"name":"wp","href":"https:\/\/api.w.org\/{rel}","templated":true}]}}