{"id":1054,"date":"2009-02-01T22:37:20","date_gmt":"2009-02-01T20:37:20","guid":{"rendered":"http:\/\/wollblog.das-wollmobil.ch\/?p=1054"},"modified":"2009-07-26T16:53:07","modified_gmt":"2009-07-26T14:53:07","slug":"mikilas-baby-finkli-die-anleitung","status":"publish","type":"post","link":"https:\/\/wollblog.das-wollmobil.ch\/?p=1054","title":{"rendered":"mikilas Baby Finkli die Anleitung"},"content":{"rendered":"<p><a href=\"https:\/\/wollblog.das-wollmobil.ch\/wp-content\/uploads\/2009\/07\/anleitung-baby-finkli1.pdf\" target=\"_blank\"><span style=\"color: #ff0000;\"><strong>Nun endlich kommt die Anleitung f\u00fcr die Baby Finkli \ud83d\ude09<\/strong><\/span><\/a><\/p>\n<p><span style=\"color: #ff0000;\"><strong><span style=\"color: #000000;\">im PDF Format und Achtung sie ist ziemlich gross geworden \ud83d\ude09<\/span><\/strong><\/span><\/p>\n<p><span style=\"color: #ff0000;\"><strong><span style=\"color: #000000;\">sie soll ja schliesslich auch von Anf\u00e4nger gestrickt werdwen k\u00f6nnen \ud83d\ude09<br \/>\n<\/span><\/strong><\/span><\/p>\n<p><strong>und ganz ehrlich&#8230;wenn ich\u00a0 Heute nicht so nett nach die Anleitung gefragt worden w\u00e4re&#8230;. h\u00e4tt ich immer noch nicht kapiert das die nie Online kam&#8230; sondern nur bei mir auf dem Papier\u00a0 stand <img data-recalc-dims=\"1\" src=\"https:\/\/i0.wp.com\/wollblog.das-wollmobil.ch\/wp-includes\/images\/smilies\/mrgreen.png?w=474&#038;ssl=1\" alt=\":mrgreen:\" class=\"wp-smiley\" style=\"height: 1em; max-height: 1em;\" \/><\/strong><\/p>\n<p><strong>also hab ich alles andere auf die Seite gelegt und ein Finkli gestrickt \ud83d\ude09 aus Drops Fabel Sockenwolle \ud83d\ude09<br \/>\n<\/strong><\/p>\n<p><strong><a href=\"https:\/\/i0.wp.com\/wollblog.das-wollmobil.ch\/wp-content\/uploads\/2009\/02\/babyfinkli-020.jpg?ssl=1\"><img data-recalc-dims=\"1\" loading=\"lazy\" decoding=\"async\" class=\"aligncenter size-full wp-image-1058\" title=\"babyfinkli-020\" src=\"https:\/\/i0.wp.com\/wollblog.das-wollmobil.ch\/wp-content\/uploads\/2009\/02\/babyfinkli-020.jpg?resize=448%2C336&#038;ssl=1\" alt=\"babyfinkli-020\" width=\"448\" height=\"336\" \/><\/a><\/strong><\/p>\n<p><strong><a href=\"https:\/\/i0.wp.com\/wollblog.das-wollmobil.ch\/wp-content\/uploads\/2009\/02\/babyfinkli-021.jpg?ssl=1\"><img data-recalc-dims=\"1\" loading=\"lazy\" decoding=\"async\" class=\"aligncenter size-full wp-image-1059\" title=\"babyfinkli-021\" src=\"https:\/\/i0.wp.com\/wollblog.das-wollmobil.ch\/wp-content\/uploads\/2009\/02\/babyfinkli-021.jpg?resize=448%2C336&#038;ssl=1\" alt=\"babyfinkli-021\" width=\"448\" height=\"336\" \/><\/a><\/strong><\/p>\n<p><strong><a href=\"https:\/\/i0.wp.com\/wollblog.das-wollmobil.ch\/wp-content\/uploads\/2009\/02\/babyfinkli-022.jpg?ssl=1\"><img data-recalc-dims=\"1\" loading=\"lazy\" decoding=\"async\" class=\"aligncenter size-full wp-image-1060\" title=\"babyfinkli-022\" src=\"https:\/\/i0.wp.com\/wollblog.das-wollmobil.ch\/wp-content\/uploads\/2009\/02\/babyfinkli-022.jpg?resize=336%2C448&#038;ssl=1\" alt=\"babyfinkli-022\" width=\"336\" height=\"448\" \/><\/a><br \/>\n<\/strong><\/p>\n","protected":false},"excerpt":{"rendered":"<p>Nun endlich kommt die Anleitung f\u00fcr die Baby Finkli \ud83d\ude09 im PDF Format und Achtung sie ist ziemlich gross geworden \ud83d\ude09 sie soll ja schliesslich auch von Anf\u00e4nger gestrickt werdwen k\u00f6nnen \ud83d\ude09 und ganz ehrlich&#8230;wenn ich\u00a0 Heute nicht so nett nach die Anleitung gefragt worden w\u00e4re&#8230;. h\u00e4tt ich immer noch nicht kapiert das die nie &hellip; <a href=\"https:\/\/wollblog.das-wollmobil.ch\/?p=1054\" class=\"more-link\"><span class=\"screen-reader-text\">mikilas Baby Finkli die Anleitung<\/span> weiterlesen <span class=\"meta-nav\">&rarr;<\/span><\/a><\/p>\n","protected":false},"author":2,"featured_media":0,"comment_status":"open","ping_status":"closed","sticky":false,"template":"","format":"standard","meta":{"jetpack_post_was_ever_published":false,"_jetpack_newsletter_access":"","_jetpack_dont_email_post_to_subs":false,"_jetpack_newsletter_tier_id":0,"_jetpack_memberships_contains_paywalled_content":false,"_jetpack_memberships_contains_paid_content":false,"footnotes":"","jetpack_publicize_message":"","jetpack_publicize_feature_enabled":true,"jetpack_social_post_already_shared":false,"jetpack_social_options":{"image_generator_settings":{"template":"highway","default_image_id":0,"enabled":false},"version":2}},"categories":[1,15,11,48],"tags":[],"class_list":["post-1054","post","type-post","status-publish","format-standard","hentry","category-allgemeines","category-anleitung","category-anleitungen","category-stricken"],"jetpack_publicize_connections":[],"jetpack_featured_media_url":"","jetpack_sharing_enabled":true,"jetpack_shortlink":"https:\/\/wp.me\/p6ALP1-h0","jetpack-related-posts":[{"id":1221,"url":"https:\/\/wollblog.das-wollmobil.ch\/?p=1221","url_meta":{"origin":1054,"position":0},"title":"Baby Finkli","author":"Barbara","date":"23. Februar 2009","format":false,"excerpt":"2 Paar neue Babyfinkli haben das Licht der Welt erblickt ;-) die Anleitung dazu findet ihr unter Anleitungen hier auf dem Blog gestrickt sind sie mit Fabel Sockenwolle aus dem Wollmobil :mrgreen:","rel":"","context":"In &quot;Allgemeines&quot;","block_context":{"text":"Allgemeines","link":"https:\/\/wollblog.das-wollmobil.ch\/?cat=1"},"img":{"alt_text":"","src":"https:\/\/i0.wp.com\/wollblog.das-wollmobil.ch\/wp-content\/uploads\/2009\/02\/shop-und-blog-011.jpg?resize=350%2C200&ssl=1","width":350,"height":200},"classes":[]},{"id":1884,"url":"https:\/\/wollblog.das-wollmobil.ch\/?p=1884","url_meta":{"origin":1054,"position":1},"title":"Fehler in der Anleitung Baby Finkli","author":"Barbara","date":"12. Juli 2009","format":false,"excerpt":"Ich m\u00f6chte mich hier bei allen entschuldigen die nicht zurechtgekommen sind mit der Anleitung. Leider hat sich ein Fehler in die Anleitung geschlichen...das tut mir sehr leid. Die neue Anleitung lade ich nun sofort hoch und da wo der Fehler war stehts nun in blauer Schrift in Nadel 2 ;-)\u2026","rel":"","context":"In &quot;Anleitungen&quot;","block_context":{"text":"Anleitungen","link":"https:\/\/wollblog.das-wollmobil.ch\/?cat=11"},"img":{"alt_text":"","src":"","width":0,"height":0},"classes":[]},{"id":3889,"url":"https:\/\/wollblog.das-wollmobil.ch\/?p=3889","url_meta":{"origin":1054,"position":2},"title":"Baby Sch\u00fchchen f\u00fcr ganz kleine F\u00fcsse","author":"Barbara","date":"21. April 2011","format":false,"excerpt":"Guten Morgen, ich habe auf Wunsch der leider schon eine ganze Weile zur\u00fcck liegt *Rotwerd* versucht meine Anleitung f\u00fcr die Baby Finkli zu \u00e4ndern f\u00fcr die Gr\u00f6sse 0-3 Monaten ;-) die sind echt super klein und ich hoffe es hat sich kein Fehler eingeschlichen in der Anleitung ;-) hier ist\u2026","rel":"","context":"In &quot;Allgemeines&quot;","block_context":{"text":"Allgemeines","link":"https:\/\/wollblog.das-wollmobil.ch\/?cat=1"},"img":{"alt_text":"","src":"https:\/\/i0.wp.com\/wollblog.das-wollmobil.ch\/wp-content\/uploads\/2011\/04\/DSC02047.geaendert-500x375.jpg?resize=350%2C200&ssl=1","width":350,"height":200},"classes":[]},{"id":1942,"url":"https:\/\/wollblog.das-wollmobil.ch\/?p=1942","url_meta":{"origin":1054,"position":3},"title":"Baby Finkli Stricken Online Teil 2","author":"Barbara","date":"21. Juli 2009","format":false,"excerpt":"der zweite Teil als Hilfe f\u00fcr die Anleitung ;-) nun kommen wir zur Nadel 24 ;-) Randmasche, 17 Maschen Rechts und dann 7 mal 2 Maschen rechts zusammenstricken, 17 Maschen Rechts, Randmasche. so weiter arbeiten bis und mit Nadel 31 und nun gehts weiter mit 1 Faden, (bis jetzt haben\u2026","rel":"","context":"In &quot;Allgemeines&quot;","block_context":{"text":"Allgemeines","link":"https:\/\/wollblog.das-wollmobil.ch\/?cat=1"},"img":{"alt_text":"","src":"https:\/\/i0.wp.com\/wollblog.das-wollmobil.ch\/wp-content\/uploads\/2009\/07\/finkli21.JPG?resize=350%2C200&ssl=1","width":350,"height":200},"classes":[]},{"id":1962,"url":"https:\/\/wollblog.das-wollmobil.ch\/?p=1962","url_meta":{"origin":1054,"position":4},"title":"Teil 3 Baby Finkli online stricken lernen","author":"Barbara","date":"22. Juli 2009","format":false,"excerpt":"Heute kommt nun der 3. Teil ;-) in der Nadel 37 stricken bis zum Schluss, dann wenden, wir stricken zur\u00fcck nicht rundum ;-) nun ist es ganz einfach, Nadel 38 -51 stricken wie in der Anleitung beschrieben. Und dann in der Nadel 52 locker abketten, wenn dein Finkli nun so\u2026","rel":"","context":"In &quot;Allgemeines&quot;","block_context":{"text":"Allgemeines","link":"https:\/\/wollblog.das-wollmobil.ch\/?cat=1"},"img":{"alt_text":"","src":"https:\/\/i0.wp.com\/wollblog.das-wollmobil.ch\/wp-content\/uploads\/2009\/07\/finli24.JPG?resize=350%2C200&ssl=1","width":350,"height":200},"classes":[]},{"id":1920,"url":"https:\/\/wollblog.das-wollmobil.ch\/?p=1920","url_meta":{"origin":1054,"position":5},"title":"Online Strickkurs Mikis Baby Finkli Teil 1","author":"Barbara","date":"20. Juli 2009","format":false,"excerpt":"Ja nun gehts endlich los ;-) Morgen f\u00e4ngt im Forum vom Schnugis net das gemeinsame stricken am PC meiner Baby Finkli an ;-) ich habe mir vorgenommen es den Anf\u00e4nger so einfach wie m\u00f6glich zu machen ;-) also versuche ich einen Kurs mit Bildern zusammen zu stellen ;-) wir beginnen\u2026","rel":"","context":"In &quot;Allgemeines&quot;","block_context":{"text":"Allgemeines","link":"https:\/\/wollblog.das-wollmobil.ch\/?cat=1"},"img":{"alt_text":"","src":"https:\/\/i0.wp.com\/wollblog.das-wollmobil.ch\/wp-content\/uploads\/2009\/07\/finkli9.JPG?resize=350%2C200&ssl=1","width":350,"height":200},"classes":[]}],"jetpack_likes_enabled":true,"_links":{"self":[{"href":"https:\/\/wollblog.das-wollmobil.ch\/index.php?rest_route=\/wp\/v2\/posts\/1054","targetHints":{"allow":["GET"]}}],"collection":[{"href":"https:\/\/wollblog.das-wollmobil.ch\/index.php?rest_route=\/wp\/v2\/posts"}],"about":[{"href":"https:\/\/wollblog.das-wollmobil.ch\/index.php?rest_route=\/wp\/v2\/types\/post"}],"author":[{"embeddable":true,"href":"https:\/\/wollblog.das-wollmobil.ch\/index.php?rest_route=\/wp\/v2\/users\/2"}],"replies":[{"embeddable":true,"href":"https:\/\/wollblog.das-wollmobil.ch\/index.php?rest_route=%2Fwp%2Fv2%2Fcomments&post=1054"}],"version-history":[{"count":4,"href":"https:\/\/wollblog.das-wollmobil.ch\/index.php?rest_route=\/wp\/v2\/posts\/1054\/revisions"}],"predecessor-version":[{"id":2002,"href":"https:\/\/wollblog.das-wollmobil.ch\/index.php?rest_route=\/wp\/v2\/posts\/1054\/revisions\/2002"}],"wp:attachment":[{"href":"https:\/\/wollblog.das-wollmobil.ch\/index.php?rest_route=%2Fwp%2Fv2%2Fmedia&parent=1054"}],"wp:term":[{"taxonomy":"category","embeddable":true,"href":"https:\/\/wollblog.das-wollmobil.ch\/index.php?rest_route=%2Fwp%2Fv2%2Fcategories&post=1054"},{"taxonomy":"post_tag","embeddable":true,"href":"https:\/\/wollblog.das-wollmobil.ch\/index.php?rest_route=%2Fwp%2Fv2%2Ftags&post=1054"}],"curies":[{"name":"wp","href":"https:\/\/api.w.org\/{rel}","templated":true}]}}